{"id":11910,"date":"2026-03-10T13:39:30","date_gmt":"2026-03-10T13:39:30","guid":{"rendered":"https:\/\/medical-article.com\/?p=11910"},"modified":"2026-03-10T13:39:30","modified_gmt":"2026-03-10T13:39:30","slug":"mas-ninos-llegan-a-salas-de-emergencias-con-dolor-de-muelas-los-recortes-de-trump-y-la-lucha-anti-fluor-de-rfk-jr-no-ayudan","status":"publish","type":"post","link":"https:\/\/medical-article.com\/?p=11910","title":{"rendered":"M\u00e1s ni\u00f1os llegan a salas de emergencias con dolor de muelas. Los recortes de Trump y la lucha anti fl\u00faor de RFK Jr. no ayudan"},"content":{"rendered":"<p>Jonah, de 8 a\u00f1os, se despert\u00f3 una ma\u00f1ana de mayo con la cara hinchada y dolor de muelas. Se neg\u00f3 a tomar el medicamento para el dolor que su mam\u00e1, Geneva Reynolds, trat\u00f3 de darle. No dorm\u00eda ni com\u00eda y lloraba sin parar.<\/p>\n<p>En pocos d\u00edas, Reynolds estaba tan desesperada que ella y su esposo tuvieron que sujetar f\u00edsicamente a Jonah para obligarlo a tomar el remedio, ech\u00e1ndoselo en la garganta mientras \u00e9l gritaba de dolor.<\/p>\n<p>\u201cNos rompi\u00f3 el coraz\u00f3n\u201d, cont\u00f3 Reynolds, que en ese momento viv\u00eda en Georgetown, Kentucky. \u201cY recuerdo que pens\u00e9 que no deber\u00eda tener que llegar a eso\u201d.<\/p>\n<p>Reynolds no pudo encontrar un dentista con una cita disponible que pudiera atender a Jonah, que es autista y a menudo se resiste a los ex\u00e1menes dentales por hipersensibilidad y ansiedad. Durante cinco d\u00edas, Reynolds llev\u00f3 a Jonah dos veces a una sala de emergencias cercana, mientras el ni\u00f1o lidiaba con un dolor persistente y fiebre por lo que probablemente fuera un diente infectado con un nervio expuesto.<\/p>\n<p>En la sala de emergencias no hab\u00eda dentistas; las dos veces la familia regres\u00f3 a casa solo con analg\u00e9sicos y una bolsa de hielo.<\/p>\n<p>En todo el pa\u00eds, cada vez m\u00e1s ni\u00f1os llegan a las salas de emergencias por problemas dentales prevenibles. Dentistas, higienistas e investigadores atribuyen esa tendencia a la falta de profesionales de odontolog\u00eda pedi\u00e1trica en <a href=\"https:\/\/kffhealthnews.org\/news\/article\/fluoride-dental-shortages-unfluoridated-public-water-tooth-decay-rural-america\/\">zonas rurales<\/a> y a un deterioro de la higiene bucal desde la pandemia de covid-19.<\/p>\n<p>Decenas de miles de ni\u00f1os terminan en el hospital por emergencias dentales cada a\u00f1o, seg\u00fan Melissa Burroughs, directora s\u00e9nior de pol\u00edticas y defensa del paciente de la organizaci\u00f3n nacional sin fines de lucro CareQuest Institute for Oral Health.<\/p>\n<p>Las visitas a salas de emergencias por problemas dentales no relacionados con lesiones f\u00edsicas aumentaron <a href=\"https:\/\/carequest.org\/wp-content\/uploads\/2025\/12\/CareQuest_Institute_Dental-Care-in-Crisis_10.31.25-1.pdf\">casi un 60% a nivel nacional<\/a> en ni\u00f1os menores de 15 a\u00f1os entre 2019 y 2022, seg\u00fan un informe publicado a finales del a\u00f1o pasado por CareQuest.<\/p>\n<p>Los datos locales reflejan esa tendencia nacional.<\/p>\n<p>En el Hospital de Ni\u00f1os de Colorado, en el \u00e1rea de Denver, los casos dentales no traum\u00e1ticos \u2014como caries o infecciones de enc\u00edas\u2014 atendidos en la sala de emergencias aumentaron un 175% entre 2010 y 2025, seg\u00fan Sarah Bonar, vocera del hospital.<\/p>\n<p>En Kentucky, donde vive Jonah, las visitas de ni\u00f1os a salas de emergencia por problemas dentales aumentaron un 72 % entre 2020 y 2024, seg\u00fan los registros del estado.<\/p>\n<p>Los cambios de pol\u00edtica ejecutados por el gobierno de Donald Trump podr\u00edan empeorar la tendencia.<\/p>\n<p>La ley de reconciliaci\u00f3n presupuestaria federal de 2025 impulsada por el presidente, conocida como One Big Beautiful Bill Act, pidi\u00f3 recortes de miles de millones de d\u00f3lares a Medicaid, lo que podr\u00eda obligar a los estados a limitar o eliminar la cobertura dental del programa de salud p\u00fablica para personas con bajos ingresos o con discapacidades.<\/p>\n<p>Nuevos requisitos de elegibilidad de Medicaid en algunos estados podr\u00edan afectar el acceso de los ni\u00f1os a la atenci\u00f3n dental, aunque el programa les garantiza esa cobertura. Investigaciones muestran que cuando los padres pierden Medicaid, incluso los ni\u00f1os que mantienen su cobertura tienen m\u00e1s probabilidades de tener <a href=\"https:\/\/www.healthaffairs.org\/doi\/10.1377\/hlthaff.2021.01135\">caries sin tratar<\/a> y <a href=\"https:\/\/pubmed.ncbi.nlm.nih.gov\/35616495\/\">menos probabilidades<\/a> de ir al dentista.<\/p>\n<p>La administraci\u00f3n Trump tambi\u00e9n ha promovido el escepticismo sobre el fl\u00faor. <a href=\"https:\/\/www.aapd.org\/media\/Policies_Guidelines\/BP_FluorideTherapy.pdf\">D\u00e9cadas de investigaci\u00f3n<\/a> muestran que el fl\u00faor en el agua potable y los tratamientos t\u00f3picos con fl\u00faor previenen y reducen de forma importante la caries dental.<\/p>\n<p>En meses recientes, la Administraci\u00f3n de Alimentos y Medicamentos (FDA, por sus siglas en ingl\u00e9s) <a href=\"https:\/\/www.fda.gov\/news-events\/press-announcements\/fda-acts-protect-children-unapproved-fluoride-drug-products\">advirti\u00f3 a profesionales de salud<\/a> contra el uso de suplementos de fl\u00faor y la Agencia de Protecci\u00f3n Ambiental (EPA, por sus siglas en ingl\u00e9s) <a href=\"https:\/\/www.epa.gov\/sdwa\/fluoride-drinking-water\">public\u00f3 una evaluaci\u00f3n<\/a> sobre \u201cposibles riesgos para la salud del fl\u00faor en el agua potable\u201d.<\/p>\n<p>El secretario de Salud y Servicios Humanos, Robert F. Kennedy Jr., ha llamado al fl\u00faor un \u201c<a href=\"https:\/\/www.pbs.org\/newshour\/health\/rfk-jr-will-tell-cdc-to-stop-recommending-fluoride-in-drinking-water\">neurot\u00f3xico<\/a>\u201d y un \u201c<a href=\"https:\/\/www.cnn.com\/2024\/11\/03\/health\/rfk-jr-fluoride-science\">desecho industrial<\/a>\u201d. Un estudio de 2025 en <em>JAMA Pediatrics<\/em> vincul\u00f3 niveles altos de fl\u00faor con un coeficiente intelectual m\u00e1s bajo en ni\u00f1os, pero solo con concentraciones <a href=\"https:\/\/jamanetwork.com\/journals\/jamapediatrics\/fullarticle\/2828425#250170670\">muy por encima<\/a> del nivel recomendado en el agua potable p\u00fablica.<\/p>\n<p><a href=\"https:\/\/dental.washington.edu\/people\/donald-chi\/\">Donald Chi<\/a>, un dentista pedi\u00e1trico en la University of Washington que estudia la reticencia al fl\u00faor, teme que las posturas anti fl\u00faor erosionen a\u00fan m\u00e1s la confianza en los tratamientos con fl\u00faor.<\/p>\n<p>Desde el comienzo de 2026, legisladores en por lo menos 15 estados han presentado proyectos de ley para prohibir o limitar el fl\u00faor en el agua potable p\u00fablica. Utah y Florida se convirtieron en 2025 en los primeros estados en aprobar esas prohibiciones.<\/p>\n<p>\u201c\u00bfEso va a tener un efecto en las tasas de caries? Absolutamente\u201d, sostuvo Chi.<\/p>\n<p><strong>Aumentan los casos dentales graves<\/strong><\/p>\n<p>Las dentistas pedi\u00e1tricas Katherine Chin y Chaitanya Puranik dijeron que est\u00e1n atendiendo a m\u00e1s pacientes como Jonah en el hospital infantil de Colorado. Los casos graves tambi\u00e9n se han vuelto m\u00e1s frecuentes. Puranik agreg\u00f3 que antes, por lo general, ve\u00eda pacientes con una sola caries, pero ahora a menudo llegan con caries en toda la boca.<\/p>\n<p>Durante la pandemia, muchos consultorios dentales <a href=\"https:\/\/pages.ada.org\/covid-19-and-dentistry-timeline-2021\">cerraron temporalmente<\/a>. Adem\u00e1s, estudios muestran que los ni\u00f1os tambi\u00e9n <a href=\"https:\/\/pubmed.ncbi.nlm.nih.gov\/35369093\/\">aumentaron su consumo de az\u00facar<\/a>, un factor de riesgo importante para los problemas dentales.<\/p>\n<p>Las caries graves que llevan a la extracci\u00f3n de dientes pueden afectar el <a href=\"https:\/\/developmentaldentistry.com\/how-jaw-development-affects-sleep-in-children\/\">desarrollo de la mand\u00edbula<\/a> y, a veces, causar problemas a largo plazo para <a href=\"https:\/\/jamanetwork.com\/journals\/jama\/fullarticle\/193312\">hablar<\/a> o <a href=\"https:\/\/pubmed.ncbi.nlm.nih.gov\/26330227\/\">dormir<\/a>.<\/p>\n<p>Millones de personas viven en zonas de Estados Unidos donde <a href=\"https:\/\/jamanetwork.com\/journals\/jamanetworkopen\/fullarticle\/2828397\">escasea la atenci\u00f3n dental<\/a>, con pocos dentistas a una distancia razonable en auto. Adem\u00e1s, seg\u00fan la American Dental Association, solo <a href=\"https:\/\/www.ada.org\/resources\/research\/health-policy-institute\/coverage-access-outcomes\/dentists-in-medicaid\">1 de cada 3 dentistas<\/a> atiende a pacientes de Medicaid, debido a las bajas tasas de reembolso, que en promedio son <a href=\"https:\/\/www.ada.org\/-\/media\/project\/ada-organization\/ada\/ada-org\/files\/resources\/research\/hpi\/medicaid_reimbursement_dental_care_2024.pdf?rev=5ce17f4e1d72420b952645cd91c3af4b%26hash=64399E33C5C826795B4E17F04F36379B\">menos del 40%<\/a> de lo que cobran habitualmente.<\/p>\n<p>\t\t\t\t\t<!-- image-left --><\/p>\n<p>\t\t\t\t\t<!-- image-right --><\/p>\n<p>Los ni\u00f1os con discapacidades intelectuales o del desarrollo pueden tener aun m\u00e1s dificultades para acceder a atenci\u00f3n dental de calidad.<\/p>\n<p>Pocos dentistas generales tienen suficiente formaci\u00f3n pedi\u00e1trica para atender a ni\u00f1os con discapacidades como Jonah, que se agobian con facilidad o necesitan sedaci\u00f3n para un examen<a href=\"https:\/\/www.kff.org\/state-health-policy-data\/state-indicator\/dentists-by-specialty-field\/?currentTimeframe=0&amp;sortModel=%7B%22colId%22:%22Location%22,%22sort%22:%22asc%22%7D\">, seg\u00fan KFF<\/a>, una organizaci\u00f3n sin fines de lucro de informaci\u00f3n de salud que incluye a KFF Health News.<\/p>\n<p><a href=\"https:\/\/www.ncbi.nlm.nih.gov\/books\/NBK620282\/\">M\u00e1s del 26% de los ni\u00f1os<\/a> tienen necesidades especiales de atenci\u00f3n m\u00e9dica, y esos ni\u00f1os tienen <a href=\"https:\/\/mchb.hrsa.gov\/sites\/default\/files\/mchb\/programs-impact\/nsch-data-brief-children-youth-special-health-care-needs.pdf\">el doble de probabilidades<\/a> de no tener cubiertas sus necesidades dentales. Sus padres tambi\u00e9n <a href=\"https:\/\/www.chwsny.org\/wp-content\/uploads\/2025\/11\/OHWRC_SSurdu-10.16.2025-2025-Design-TG.pdf\">tienen m\u00e1s probabilidades<\/a> de tener problemas para <a href=\"https:\/\/oralhealthworkforce.org\/wp-content\/uploads\/2020\/07\/2020-AcademyHealth_Poster_Simona_FINAL.pdf\">encontrar un dentista<\/a>.<\/p>\n<p>Cuando era m\u00e1s peque\u00f1o, Jonah no dejaba que sus pap\u00e1s le cepillaran los dientes. Esto le gener\u00f3 caries en sus dientes de leche, explic\u00f3 su mam\u00e1.<\/p>\n<p>Despu\u00e9s de la primera visita de Jonah a la sala de emergencias, Reynolds encontr\u00f3 un dentista general que ten\u00eda una cita disponible. Pero, a diferencia de un dentista pedi\u00e1trico capacitado, dijo, el dentista no supo c\u00f3mo examinar a Jonah de una forma que \u00e9l pudiera tolerar y no estaba preparado para sedarlo. Jonah se fue sin tratamiento y pronto, cuando volvi\u00f3 la fiebre, regres\u00f3 a la sala de emergencias.<\/p>\n<p><strong>Las salas de emergencias rara vez ofrecen soluciones<\/strong><\/p>\n<p><a href=\"https:\/\/www.dech.org\/provider\/bradley-weitz-m-d\/?doing_wp_cron=1771594217.5377099514007568359375\">Bradley Weitz<\/a>, pediatra en el condado de Washington, en Maine, asegur\u00f3 que est\u00e1 viendo \u201clas caries m\u00e1s horribles\u201d en Down East Community Hospital.<\/p>\n<p>Las salas de emergencia a menudo no est\u00e1n preparadas para tratar problemas dentales, explic\u00f3 Weitz. Como a la que fue Jonah en Kentucky, Down East no tiene dentistas entre su personal. Weitz a menudo termina recetando antibi\u00f3ticos como medida temporal. \u201cPero un mes despu\u00e9s, los pacientes regresan porque la situaci\u00f3n vuelve a agravarse\u201d, dijo Weitz.<\/p>\n<p>Como posible soluci\u00f3n, estados como Maine y Alaska est\u00e1n proponiendo usar fondos del <a href=\"https:\/\/carequest.org\/how-rural-health-transformation-program-awards-can-improve-oral-health-access\/\">Rural Health Transformation Program<\/a>, dotado con $50.000 millones, para desarrollar la fuerza laboral de salud bucal o crear centros especializados de atenci\u00f3n dental que puedan atender mejor y m\u00e1s r\u00e1pido a ni\u00f1os con necesidades especiales de atenci\u00f3n m\u00e9dica.<\/p>\n<p>Pero esas iniciativas no resolver\u00e1n la p\u00e9rdida de cobertura que se anticipa por \u00a0los recortes a Medicaid.<\/p>\n<p>El a\u00f1o pasado, California otorg\u00f3 $47 millones en subvenciones estatales para desarrollar o ampliar m\u00e1s de 120 centros odontol\u00f3gicos destinados a atender a pacientes con necesidades especiales de atenci\u00f3n m\u00e9dica.<\/p>\n<p>La emergencia dental de Jonah le cost\u00f3 a Reynolds una semana sin trabajar en su empleo como peluquera de perros y a Jonah tres d\u00edas de tercer grado, adem\u00e1s de los cientos de d\u00f3lares que tuvieron que pagar de su propio bolsillo.<\/p>\n<p>Finalmente, Reynolds encontr\u00f3 a un especialista en cirug\u00eda oral que le extrajo el diente. Pero incluso eso sali\u00f3 mal. Cuando Jonah se alter\u00f3 por el pinchazo de una aguja, el cirujano amenaz\u00f3 con sujetarlo por la fuerza, cont\u00f3 Reynolds. Agreg\u00f3 que el profesional se fue r\u00e1pidamente despu\u00e9s del procedimiento sin darle un diagn\u00f3stico claro de qu\u00e9 hab\u00eda causado el dolor de Jonah.<\/p>\n<p>La extracci\u00f3n termin\u00f3 con el dolor de muelas, pero Reynolds opin\u00f3 que m\u00e1s profesionales deber\u00edan saber c\u00f3mo manejar casos como el de Jonah, con m\u00e1s sensibilidad hacia las familias.<\/p>\n<p>Cuatro a\u00f1os despu\u00e9s, todav\u00eda sigue fresco en su memoria el momento en que tuvo que obligar a Jonah a tomar el medicamento para el dolor. \u201cEso nunca se me va a olvidar\u201d, concluy\u00f3 Reynolds.<\/p>\n<p><a href=\"https:\/\/kffhealthnews.org\/about-us\">KFF Health News<\/a> is a national newsroom that produces in-depth journalism about health issues and is one of the core operating programs at KFF\u2014an independent source of health policy research, polling, and journalism. Learn more about <a href=\"https:\/\/www.kff.org\/about-us\/\">KFF<\/a>.<\/p>\n<h3>USE OUR CONTENT<\/h3>\n<p>This story can be republished for free (<a href=\"https:\/\/kffhealthnews.org\/news\/article\/mas-ninos-llegan-a-salas-de-emergencias-con-dolor-de-muelas-los-recortes-de-trump-y-la-lucha-anti-fluor-de-rfk-jr-no-ayudan\/view\/republish\/\">details<\/a>).<\/p>","protected":false},"excerpt":{"rendered":"<p>Jonah, de 8 a\u00f1os, se despert\u00f3 una ma\u00f1ana de mayo con la cara hinchada y dolor de muelas. Se neg\u00f3 a tomar el medicamento para el dolor que su mam\u00e1, Geneva Reynolds, trat\u00f3 de darle. No dorm\u00eda ni com\u00eda y lloraba sin parar. En pocos d\u00edas, Reynolds estaba tan desesperada que ella y su esposo&#8230;<\/p>\n","protected":false},"author":0,"featured_media":11911,"comment_status":"open","ping_status":"open","sticky":false,"template":"","format":"standard","meta":{"footnotes":""},"categories":[2],"tags":[],"class_list":["post-11910","post","type-post","status-publish","format-standard","has-post-thumbnail","hentry","category-articles"],"_links":{"self":[{"href":"https:\/\/medical-article.com\/index.php?rest_route=\/wp\/v2\/posts\/11910"}],"collection":[{"href":"https:\/\/medical-article.com\/index.php?rest_route=\/wp\/v2\/posts"}],"about":[{"href":"https:\/\/medical-article.com\/index.php?rest_route=\/wp\/v2\/types\/post"}],"replies":[{"embeddable":true,"href":"https:\/\/medical-article.com\/index.php?rest_route=%2Fwp%2Fv2%2Fcomments&post=11910"}],"version-history":[{"count":0,"href":"https:\/\/medical-article.com\/index.php?rest_route=\/wp\/v2\/posts\/11910\/revisions"}],"wp:featuredmedia":[{"embeddable":true,"href":"https:\/\/medical-article.com\/index.php?rest_route=\/wp\/v2\/media\/11911"}],"wp:attachment":[{"href":"https:\/\/medical-article.com\/index.php?rest_route=%2Fwp%2Fv2%2Fmedia&parent=11910"}],"wp:term":[{"taxonomy":"category","embeddable":true,"href":"https:\/\/medical-article.com\/index.php?rest_route=%2Fwp%2Fv2%2Fcategories&post=11910"},{"taxonomy":"post_tag","embeddable":true,"href":"https:\/\/medical-article.com\/index.php?rest_route=%2Fwp%2Fv2%2Ftags&post=11910"}],"curies":[{"name":"wp","href":"https:\/\/api.w.org\/{rel}","templated":true}]}}